{"id":556670420,"date":"2016-07-27T10:00:00","date_gmt":"2016-07-27T08:00:00","guid":{"rendered":"https:\/\/fagorarrasate.com\/fagor\/aceros-j-a-ormazabal-instala-una-linea-de-decapado-ecologico-de-fagor-arrasate\/"},"modified":"2021-05-24T10:53:12","modified_gmt":"2021-05-24T08:53:12","slug":"aceros-j-a-ormazabal-instala-una-linea-de-decapado-ecologico-de-fagor-arrasate","status":"publish","type":"post","link":"https:\/\/fagorarrasate.com\/es\/general-es\/aceros-j-a-ormazabal-instala-una-linea-de-decapado-ecologico-de-fagor-arrasate\/","title":{"rendered":"ACEROS J.A. ORMAZABAL INSTALA UNA LINEA DE DECAPADO ECOLOGICO DE FAGOR ARRASATE"},"content":{"rendered":"<p><em>Aceros Jos\u00e9 Agust\u00edn Ormazabal ha dado un paso m\u00e1s en su especializaci\u00f3n en el corte por l\u00e1ser con la ejecuci\u00f3n de un plan, que apoya el Gauzatu Industria del Gobierno Vasco. El proyecto ha tenido como operaci\u00f3n estrella la instalaci\u00f3n de un innovador proceso de decapado ecol\u00f3gico y aplanado desarrollado con la compa\u00f1\u00eda Fagor Arrasate<\/em><\/p>\n<p>La r\u00e1pida evoluci\u00f3n tecnol\u00f3gica del corte por l\u00e1ser y la traslaci\u00f3n del concepto de calidad de la chapa del mundo del autom\u00f3vil a otros sectores est\u00e1 provocando grandes cambios tecnol\u00f3gicos en el sector de los centros de servicio sider\u00fargico, en palabras de los responsables de la compa\u00f1\u00eda Aceros Jos\u00e9 Agust\u00edn Ormazabal.<\/p>\n<p>La exigencia impuesta por esta carrera y la decisi\u00f3n estrat\u00e9gica de convertirse en una referencia europea en el suministro de productos planos de m\u00e1xima calidad se ha ratificado, en palabras de su director general, Rafael de Erauso, con el desarrollo de un itinerario industrial e innovador cuyo \u00faltimo cap\u00edtulo ha sido la instalaci\u00f3n de una <strong>l\u00ednea de decapado ecol\u00f3gico <\/strong>en Amorebieta.<\/p>\n<p>La reinvenci\u00f3n de Aceros Ormazabal arranc\u00f3 en 2006, cuando decidi\u00f3 especializarse en productos planos de m\u00e1xima calidad, tanto en planitud como en espesores gruesos. La apuesta se ratific\u00f3 cuatro a\u00f1os m\u00e1s tarde con el dise\u00f1o del plan para convertirse en un centro l\u00edder en el sur de Europa, orientado al corte por l\u00e1ser. En esta estrategia empez\u00f3 a colaborar con la guipuzcoana <a href=\"https:\/\/fagorarrasate.com\/es\/\" target=\"_blank\" rel=\"noopener noreferrer\"><strong>Fagor Arrasate<\/strong><\/a>, que le suministr\u00f3 una pionera instalaci\u00f3n de <strong><a href=\"https:\/\/fagorarrasate.com\/es\/producto\/10\/26\/lineas-de-corte-transversal.aspx\" target=\"_blank\" rel=\"noopener noreferrer\">corte y aplanado <\/a><\/strong>para chapa de hasta 20 mm de espesor, 2000 mm de ancho y calidades de hasta S960.<\/p>\n<p>Como destaca el presidente de la compa\u00f1\u00eda, Juan Manuel Ormazabal, las exigencias de planitud y limpieza de las chapas destinadas al corte por l\u00e1ser, y tambi\u00e9n del espesor, como consecuencia de su r\u00e1pido salto del procesado de espesores de 8\/10 mm a 20\/25 mm, les llev\u00f3 a iniciar un proceso de investigaci\u00f3n en colaboraci\u00f3n con Fagor Arrasate. A trav\u00e9s de un proyecto Gaitek de I+D investigaron en sistemas de decapado ecol\u00f3gico de grandes chapas, alternativos al sistema qu\u00edmico tradicional, y procesos de aplanado. Un proyecto que, finalmente, desemboc\u00f3 en la construcci\u00f3n y puesta en servicio en Amorebieta de la l\u00ednea de decapado ecol\u00f3gico y aplanado posterior de chapas de acero de hasta 20 mm de espesor, 2 metros de ancho y 12 metros de largo.<\/p>\n<p>Rafael de Erauso destaca que el proceso mec\u00e1nico de decapado no consume agua ni \u00e1cidos, con lo que elimina los procesos tradicionales altamente contaminantes. Asimismo, incluye un proceso de aplanado especial posterior al proceso de decapado, integrado en la propia l\u00ednea, que mejora la respuesta al corte por l\u00e1ser con el suministro de chapas con una planitud restringida antes y despu\u00e9s del corte.<\/p>\n<p><em>La soluci\u00f3n piloto de <strong>Fagor Arrasate <\/strong>en Ormazabal ha obtenido, en pruebas de laboratorios externos, el grado de limpieza superficial \u2018Sa3\u2019 en eliminaci\u00f3n de \u00f3xido y calamina, el m\u00e1ximo grado de escala, seg\u00fan la norma ISO 8501-1:2008. La l\u00ednea se completa con sistemas autom\u00e1ticos de alimentaci\u00f3n y apilado de chapa a la entrada y salida, y un cuerpo de aceitado de chapa tras el aplanamiento, que se aplica de forma opcional, como indica De Erauso. La nueva instalaci\u00f3n, seg\u00fan estas fuentes, genera mejoras a\u00f1adidas de calidad al complementarse con su l\u00ednea de corte transversal de bobina para espesores de hasta 20 mil\u00edmetros.<\/em><\/p>\n<p>Art\u00edculo publicado por <strong>EMPRESA XXI<\/strong><\/p>\n","protected":false},"excerpt":{"rendered":"<p>Aceros Jos\u00e9 Agust\u00edn Ormazabal ha dado un paso m\u00e1s en su especializaci\u00f3n en el corte por l\u00e1ser con la ejecuci\u00f3n de un plan, que apoya el Gauzatu Industria del Gobierno Vasco. El proyecto ha tenido como operaci\u00f3n estrella la instalaci\u00f3n de un innovador proceso de decapado ecol\u00f3gico y aplanado desarrollado con la compa\u00f1\u00eda Fagor Arrasate [&hellip;]<\/p>\n","protected":false},"author":1,"featured_media":556670418,"comment_status":"closed","ping_status":"open","sticky":false,"template":"","format":"standard","meta":{"_acf_changed":false,"footnotes":""},"categories":[39],"tags":[],"class_list":["post-556670420","post","type-post","status-publish","format-standard","has-post-thumbnail","hentry","category-general-es"],"acf":[],"yoast_head":"<!-- This site is optimized with the Yoast SEO plugin v28.3 - https:\/\/yoast.com\/product\/yoast-seo-wordpress\/ -->\n<title>ACEROS J.A. ORMAZABAL INSTALA UNA LINEA DE DECAPADO ECOLOGICO DE FAGOR ARRASATE - Fagor Arrasate<\/title>\n<meta name=\"robots\" content=\"index, follow, max-snippet:-1, max-image-preview:large, max-video-preview:-1\" \/>\n<link rel=\"canonical\" href=\"https:\/\/fagorarrasate.com\/es\/general-es\/aceros-j-a-ormazabal-instala-una-linea-de-decapado-ecologico-de-fagor-arrasate\/\" \/>\n<meta name=\"twitter:label1\" content=\"Escrito por\" \/>\n\t<meta name=\"twitter:data1\" content=\"kudeatzailea\" \/>\n\t<meta name=\"twitter:label2\" content=\"Tiempo de lectura\" \/>\n\t<meta name=\"twitter:data2\" content=\"3 minutos\" \/>\n<script type=\"application\/ld+json\" class=\"yoast-schema-graph\">{\"@context\":\"https:\\\/\\\/schema.org\",\"@graph\":[{\"@type\":\"Article\",\"@id\":\"https:\\\/\\\/fagorarrasate.com\\\/es\\\/general-es\\\/aceros-j-a-ormazabal-instala-una-linea-de-decapado-ecologico-de-fagor-arrasate\\\/#article\",\"isPartOf\":{\"@id\":\"https:\\\/\\\/fagorarrasate.com\\\/es\\\/general-es\\\/aceros-j-a-ormazabal-instala-una-linea-de-decapado-ecologico-de-fagor-arrasate\\\/\"},\"author\":{\"name\":\"kudeatzailea\",\"@id\":\"https:\\\/\\\/fagorarrasate.com\\\/es\\\/#\\\/schema\\\/person\\\/f240817c53788f755371b0dae11772e9\"},\"headline\":\"ACEROS J.A. ORMAZABAL INSTALA UNA LINEA DE DECAPADO ECOLOGICO DE FAGOR ARRASATE\",\"datePublished\":\"2016-07-27T08:00:00+00:00\",\"dateModified\":\"2021-05-24T08:53:12+00:00\",\"mainEntityOfPage\":{\"@id\":\"https:\\\/\\\/fagorarrasate.com\\\/es\\\/general-es\\\/aceros-j-a-ormazabal-instala-una-linea-de-decapado-ecologico-de-fagor-arrasate\\\/\"},\"wordCount\":621,\"publisher\":{\"@id\":\"https:\\\/\\\/fagorarrasate.com\\\/es\\\/#organization\"},\"image\":{\"@id\":\"https:\\\/\\\/fagorarrasate.com\\\/es\\\/general-es\\\/aceros-j-a-ormazabal-instala-una-linea-de-decapado-ecologico-de-fagor-arrasate\\\/#primaryimage\"},\"thumbnailUrl\":\"https:\\\/\\\/fagorarrasate.com\\\/wp-content\\\/uploads\\\/2020\\\/04\\\/Aceros_Ormazabal_Pagina_2_2016_07_28_16_48_42.jpg\",\"articleSection\":[\"General\"],\"inLanguage\":\"es\"},{\"@type\":\"WebPage\",\"@id\":\"https:\\\/\\\/fagorarrasate.com\\\/es\\\/general-es\\\/aceros-j-a-ormazabal-instala-una-linea-de-decapado-ecologico-de-fagor-arrasate\\\/\",\"url\":\"https:\\\/\\\/fagorarrasate.com\\\/es\\\/general-es\\\/aceros-j-a-ormazabal-instala-una-linea-de-decapado-ecologico-de-fagor-arrasate\\\/\",\"name\":\"ACEROS J.A. ORMAZABAL INSTALA UNA LINEA DE DECAPADO ECOLOGICO DE FAGOR ARRASATE - Fagor Arrasate\",\"isPartOf\":{\"@id\":\"https:\\\/\\\/fagorarrasate.com\\\/es\\\/#website\"},\"primaryImageOfPage\":{\"@id\":\"https:\\\/\\\/fagorarrasate.com\\\/es\\\/general-es\\\/aceros-j-a-ormazabal-instala-una-linea-de-decapado-ecologico-de-fagor-arrasate\\\/#primaryimage\"},\"image\":{\"@id\":\"https:\\\/\\\/fagorarrasate.com\\\/es\\\/general-es\\\/aceros-j-a-ormazabal-instala-una-linea-de-decapado-ecologico-de-fagor-arrasate\\\/#primaryimage\"},\"thumbnailUrl\":\"https:\\\/\\\/fagorarrasate.com\\\/wp-content\\\/uploads\\\/2020\\\/04\\\/Aceros_Ormazabal_Pagina_2_2016_07_28_16_48_42.jpg\",\"datePublished\":\"2016-07-27T08:00:00+00:00\",\"dateModified\":\"2021-05-24T08:53:12+00:00\",\"breadcrumb\":{\"@id\":\"https:\\\/\\\/fagorarrasate.com\\\/es\\\/general-es\\\/aceros-j-a-ormazabal-instala-una-linea-de-decapado-ecologico-de-fagor-arrasate\\\/#breadcrumb\"},\"inLanguage\":\"es\",\"potentialAction\":[{\"@type\":\"ReadAction\",\"target\":[\"https:\\\/\\\/fagorarrasate.com\\\/es\\\/general-es\\\/aceros-j-a-ormazabal-instala-una-linea-de-decapado-ecologico-de-fagor-arrasate\\\/\"]}]},{\"@type\":\"ImageObject\",\"inLanguage\":\"es\",\"@id\":\"https:\\\/\\\/fagorarrasate.com\\\/es\\\/general-es\\\/aceros-j-a-ormazabal-instala-una-linea-de-decapado-ecologico-de-fagor-arrasate\\\/#primaryimage\",\"url\":\"https:\\\/\\\/fagorarrasate.com\\\/wp-content\\\/uploads\\\/2020\\\/04\\\/Aceros_Ormazabal_Pagina_2_2016_07_28_16_48_42.jpg\",\"contentUrl\":\"https:\\\/\\\/fagorarrasate.com\\\/wp-content\\\/uploads\\\/2020\\\/04\\\/Aceros_Ormazabal_Pagina_2_2016_07_28_16_48_42.jpg\",\"width\":977,\"height\":1371,\"caption\":\"Ecopicklean Fagor Arrasate\"},{\"@type\":\"BreadcrumbList\",\"@id\":\"https:\\\/\\\/fagorarrasate.com\\\/es\\\/general-es\\\/aceros-j-a-ormazabal-instala-una-linea-de-decapado-ecologico-de-fagor-arrasate\\\/#breadcrumb\",\"itemListElement\":[{\"@type\":\"ListItem\",\"position\":1,\"name\":\"Home\",\"item\":\"https:\\\/\\\/fagorarrasate.com\\\/es\\\/\"},{\"@type\":\"ListItem\",\"position\":2,\"name\":\"General\",\"item\":\"https:\\\/\\\/fagorarrasate.com\\\/es\\\/general-es\\\/\"},{\"@type\":\"ListItem\",\"position\":3,\"name\":\"ACEROS J.A. ORMAZABAL INSTALA UNA LINEA DE DECAPADO ECOLOGICO DE FAGOR ARRASATE\"}]},{\"@type\":\"WebSite\",\"@id\":\"https:\\\/\\\/fagorarrasate.com\\\/es\\\/#website\",\"url\":\"https:\\\/\\\/fagorarrasate.com\\\/es\\\/\",\"name\":\"Fagor Arrasate\",\"description\":\"Sharing Your Challenges\",\"publisher\":{\"@id\":\"https:\\\/\\\/fagorarrasate.com\\\/es\\\/#organization\"},\"potentialAction\":[{\"@type\":\"SearchAction\",\"target\":{\"@type\":\"EntryPoint\",\"urlTemplate\":\"https:\\\/\\\/fagorarrasate.com\\\/es\\\/?s={search_term_string}\"},\"query-input\":{\"@type\":\"PropertyValueSpecification\",\"valueRequired\":true,\"valueName\":\"search_term_string\"}}],\"inLanguage\":\"es\"},{\"@type\":\"Organization\",\"@id\":\"https:\\\/\\\/fagorarrasate.com\\\/es\\\/#organization\",\"name\":\"Fagor Arrasate\",\"url\":\"https:\\\/\\\/fagorarrasate.com\\\/es\\\/\",\"logo\":{\"@type\":\"ImageObject\",\"inLanguage\":\"es\",\"@id\":\"https:\\\/\\\/fagorarrasate.com\\\/es\\\/#\\\/schema\\\/logo\\\/image\\\/\",\"url\":\"https:\\\/\\\/fagorarrasate.com\\\/wp-content\\\/uploads\\\/2022\\\/01\\\/fagor-logo.png\",\"contentUrl\":\"https:\\\/\\\/fagorarrasate.com\\\/wp-content\\\/uploads\\\/2022\\\/01\\\/fagor-logo.png\",\"width\":164,\"height\":52,\"caption\":\"Fagor Arrasate\"},\"image\":{\"@id\":\"https:\\\/\\\/fagorarrasate.com\\\/es\\\/#\\\/schema\\\/logo\\\/image\\\/\"},\"sameAs\":[\"https:\\\/\\\/es.linkedin.com\\\/company\\\/fagor-arrasate-s--coop-\",\"https:\\\/\\\/www.youtube.com\\\/channel\\\/UCcIkM42cil4qiObWBRnotjA\"]},{\"@type\":\"Person\",\"@id\":\"https:\\\/\\\/fagorarrasate.com\\\/es\\\/#\\\/schema\\\/person\\\/f240817c53788f755371b0dae11772e9\",\"name\":\"kudeatzailea\"}]}<\/script>\n<!-- \/ Yoast SEO plugin. -->","yoast_head_json":{"title":"ACEROS J.A. ORMAZABAL INSTALA UNA LINEA DE DECAPADO ECOLOGICO DE FAGOR ARRASATE - Fagor Arrasate","robots":{"index":"index","follow":"follow","max-snippet":"max-snippet:-1","max-image-preview":"max-image-preview:large","max-video-preview":"max-video-preview:-1"},"canonical":"https:\/\/fagorarrasate.com\/es\/general-es\/aceros-j-a-ormazabal-instala-una-linea-de-decapado-ecologico-de-fagor-arrasate\/","twitter_misc":{"Escrito por":"kudeatzailea","Tiempo de lectura":"3 minutos"},"schema":{"@context":"https:\/\/schema.org","@graph":[{"@type":"Article","@id":"https:\/\/fagorarrasate.com\/es\/general-es\/aceros-j-a-ormazabal-instala-una-linea-de-decapado-ecologico-de-fagor-arrasate\/#article","isPartOf":{"@id":"https:\/\/fagorarrasate.com\/es\/general-es\/aceros-j-a-ormazabal-instala-una-linea-de-decapado-ecologico-de-fagor-arrasate\/"},"author":{"name":"kudeatzailea","@id":"https:\/\/fagorarrasate.com\/es\/#\/schema\/person\/f240817c53788f755371b0dae11772e9"},"headline":"ACEROS J.A. ORMAZABAL INSTALA UNA LINEA DE DECAPADO ECOLOGICO DE FAGOR ARRASATE","datePublished":"2016-07-27T08:00:00+00:00","dateModified":"2021-05-24T08:53:12+00:00","mainEntityOfPage":{"@id":"https:\/\/fagorarrasate.com\/es\/general-es\/aceros-j-a-ormazabal-instala-una-linea-de-decapado-ecologico-de-fagor-arrasate\/"},"wordCount":621,"publisher":{"@id":"https:\/\/fagorarrasate.com\/es\/#organization"},"image":{"@id":"https:\/\/fagorarrasate.com\/es\/general-es\/aceros-j-a-ormazabal-instala-una-linea-de-decapado-ecologico-de-fagor-arrasate\/#primaryimage"},"thumbnailUrl":"https:\/\/fagorarrasate.com\/wp-content\/uploads\/2020\/04\/Aceros_Ormazabal_Pagina_2_2016_07_28_16_48_42.jpg","articleSection":["General"],"inLanguage":"es"},{"@type":"WebPage","@id":"https:\/\/fagorarrasate.com\/es\/general-es\/aceros-j-a-ormazabal-instala-una-linea-de-decapado-ecologico-de-fagor-arrasate\/","url":"https:\/\/fagorarrasate.com\/es\/general-es\/aceros-j-a-ormazabal-instala-una-linea-de-decapado-ecologico-de-fagor-arrasate\/","name":"ACEROS J.A. ORMAZABAL INSTALA UNA LINEA DE DECAPADO ECOLOGICO DE FAGOR ARRASATE - Fagor Arrasate","isPartOf":{"@id":"https:\/\/fagorarrasate.com\/es\/#website"},"primaryImageOfPage":{"@id":"https:\/\/fagorarrasate.com\/es\/general-es\/aceros-j-a-ormazabal-instala-una-linea-de-decapado-ecologico-de-fagor-arrasate\/#primaryimage"},"image":{"@id":"https:\/\/fagorarrasate.com\/es\/general-es\/aceros-j-a-ormazabal-instala-una-linea-de-decapado-ecologico-de-fagor-arrasate\/#primaryimage"},"thumbnailUrl":"https:\/\/fagorarrasate.com\/wp-content\/uploads\/2020\/04\/Aceros_Ormazabal_Pagina_2_2016_07_28_16_48_42.jpg","datePublished":"2016-07-27T08:00:00+00:00","dateModified":"2021-05-24T08:53:12+00:00","breadcrumb":{"@id":"https:\/\/fagorarrasate.com\/es\/general-es\/aceros-j-a-ormazabal-instala-una-linea-de-decapado-ecologico-de-fagor-arrasate\/#breadcrumb"},"inLanguage":"es","potentialAction":[{"@type":"ReadAction","target":["https:\/\/fagorarrasate.com\/es\/general-es\/aceros-j-a-ormazabal-instala-una-linea-de-decapado-ecologico-de-fagor-arrasate\/"]}]},{"@type":"ImageObject","inLanguage":"es","@id":"https:\/\/fagorarrasate.com\/es\/general-es\/aceros-j-a-ormazabal-instala-una-linea-de-decapado-ecologico-de-fagor-arrasate\/#primaryimage","url":"https:\/\/fagorarrasate.com\/wp-content\/uploads\/2020\/04\/Aceros_Ormazabal_Pagina_2_2016_07_28_16_48_42.jpg","contentUrl":"https:\/\/fagorarrasate.com\/wp-content\/uploads\/2020\/04\/Aceros_Ormazabal_Pagina_2_2016_07_28_16_48_42.jpg","width":977,"height":1371,"caption":"Ecopicklean Fagor Arrasate"},{"@type":"BreadcrumbList","@id":"https:\/\/fagorarrasate.com\/es\/general-es\/aceros-j-a-ormazabal-instala-una-linea-de-decapado-ecologico-de-fagor-arrasate\/#breadcrumb","itemListElement":[{"@type":"ListItem","position":1,"name":"Home","item":"https:\/\/fagorarrasate.com\/es\/"},{"@type":"ListItem","position":2,"name":"General","item":"https:\/\/fagorarrasate.com\/es\/general-es\/"},{"@type":"ListItem","position":3,"name":"ACEROS J.A. ORMAZABAL INSTALA UNA LINEA DE DECAPADO ECOLOGICO DE FAGOR ARRASATE"}]},{"@type":"WebSite","@id":"https:\/\/fagorarrasate.com\/es\/#website","url":"https:\/\/fagorarrasate.com\/es\/","name":"Fagor Arrasate","description":"Sharing Your Challenges","publisher":{"@id":"https:\/\/fagorarrasate.com\/es\/#organization"},"potentialAction":[{"@type":"SearchAction","target":{"@type":"EntryPoint","urlTemplate":"https:\/\/fagorarrasate.com\/es\/?s={search_term_string}"},"query-input":{"@type":"PropertyValueSpecification","valueRequired":true,"valueName":"search_term_string"}}],"inLanguage":"es"},{"@type":"Organization","@id":"https:\/\/fagorarrasate.com\/es\/#organization","name":"Fagor Arrasate","url":"https:\/\/fagorarrasate.com\/es\/","logo":{"@type":"ImageObject","inLanguage":"es","@id":"https:\/\/fagorarrasate.com\/es\/#\/schema\/logo\/image\/","url":"https:\/\/fagorarrasate.com\/wp-content\/uploads\/2022\/01\/fagor-logo.png","contentUrl":"https:\/\/fagorarrasate.com\/wp-content\/uploads\/2022\/01\/fagor-logo.png","width":164,"height":52,"caption":"Fagor Arrasate"},"image":{"@id":"https:\/\/fagorarrasate.com\/es\/#\/schema\/logo\/image\/"},"sameAs":["https:\/\/es.linkedin.com\/company\/fagor-arrasate-s--coop-","https:\/\/www.youtube.com\/channel\/UCcIkM42cil4qiObWBRnotjA"]},{"@type":"Person","@id":"https:\/\/fagorarrasate.com\/es\/#\/schema\/person\/f240817c53788f755371b0dae11772e9","name":"kudeatzailea"}]}},"_links":{"self":[{"href":"https:\/\/fagorarrasate.com\/es\/wp-json\/wp\/v2\/posts\/556670420","targetHints":{"allow":["GET"]}}],"collection":[{"href":"https:\/\/fagorarrasate.com\/es\/wp-json\/wp\/v2\/posts"}],"about":[{"href":"https:\/\/fagorarrasate.com\/es\/wp-json\/wp\/v2\/types\/post"}],"author":[{"embeddable":true,"href":"https:\/\/fagorarrasate.com\/es\/wp-json\/wp\/v2\/users\/1"}],"replies":[{"embeddable":true,"href":"https:\/\/fagorarrasate.com\/es\/wp-json\/wp\/v2\/comments?post=556670420"}],"version-history":[{"count":0,"href":"https:\/\/fagorarrasate.com\/es\/wp-json\/wp\/v2\/posts\/556670420\/revisions"}],"wp:featuredmedia":[{"embeddable":true,"href":"https:\/\/fagorarrasate.com\/es\/wp-json\/wp\/v2\/media\/556670418"}],"wp:attachment":[{"href":"https:\/\/fagorarrasate.com\/es\/wp-json\/wp\/v2\/media?parent=556670420"}],"wp:term":[{"taxonomy":"category","embeddable":true,"href":"https:\/\/fagorarrasate.com\/es\/wp-json\/wp\/v2\/categories?post=556670420"},{"taxonomy":"post_tag","embeddable":true,"href":"https:\/\/fagorarrasate.com\/es\/wp-json\/wp\/v2\/tags?post=556670420"}],"curies":[{"name":"wp","href":"https:\/\/api.w.org\/{rel}","templated":true}]}}