{"id":556670474,"date":"2016-12-05T11:00:00","date_gmt":"2016-12-05T10:00:00","guid":{"rendered":"https:\/\/fagorarrasate.com\/fagor\/fagor-arrasate-presento-sus-productos-en-la-feria-fabtech-2016\/"},"modified":"2021-05-20T16:35:47","modified_gmt":"2021-05-20T14:35:47","slug":"fagor-arrasate-presento-sus-productos-en-la-feria-fabtech-2016","status":"publish","type":"post","link":"https:\/\/fagorarrasate.com\/es\/general-es\/fagor-arrasate-presento-sus-productos-en-la-feria-fabtech-2016\/","title":{"rendered":"FAGOR ARRASATE PRESENT\u00d3 SUS PRODUCTOS EN LA FERIA FABTECH 2016"},"content":{"rendered":"<p>Entre el 16 y el 18 de noviembre, <strong><a href=\"https:\/\/fagorarrasate.com\/es\/index.aspx\" target=\"_blank\" rel=\"noopener noreferrer\">Fagor Arrasate<\/a><\/strong>\u00a0 particip\u00f3 como expositor en la <strong><a href=\"http:\/\/www.fabtechexpo.com\/fabtech-2016\" target=\"_blank\" rel=\"noopener noreferrer\">FABTECH 2016 <\/a><\/strong>que se celebr\u00f3 en la ciudad de Las Vegas. Esta feria que se celebra cada a\u00f1o cambia su ubicaci\u00f3n en cada edici\u00f3n. El a\u00f1o pr\u00f3ximo tendr\u00e1 lugar en Chicago. Se trata de la exhibici\u00f3n m\u00e1s importante en los Estados Unidos en lo que concierne a la m\u00e1quina herramienta por deformaci\u00f3n.<\/p>\n<p>Fagor Arrrasate, en un stand multimedia con\u00a0 pantallas de v\u00eddeo, mostr\u00f3 sus \u00faltimas novedades en los campos de las l\u00edneas de acabado y procesado de chapa, estampaci\u00f3n y laminado. En particular las blankings lines con prensa servo capaces de procesar acero y aluminio, los nuevos laminadores reversibles y la l\u00ednea de decapado sin \u00e1cidos <strong>ECOPICKLEAN<\/strong>.<\/p>\n<p>Fagor Arrasate tiene un compromiso muy profundo con el mercado USA y ha estado presente en el mismo desde los a\u00f1os 60. Desde hace 15 a\u00f1os, dispone de un establecimiento propio localizado muy cerca de Chicago. Entre los clientes principales de Fagor Arrasate en los Estados Unidos pueden citarse Samuel, Johnson Controls, Toyota, Ford, Benteler y\u00a0 North American Stainless, entre otros.<\/p>\n","protected":false},"excerpt":{"rendered":"<p>Entre el 16 y el 18 de noviembre, Fagor Arrasate\u00a0 particip\u00f3 como expositor en la FABTECH 2016 que se celebr\u00f3 en la ciudad de Las Vegas. Esta feria que se celebra cada a\u00f1o cambia su ubicaci\u00f3n en cada edici\u00f3n. El a\u00f1o pr\u00f3ximo tendr\u00e1 lugar en Chicago. Se trata de la exhibici\u00f3n m\u00e1s importante en los [&hellip;]<\/p>\n","protected":false},"author":1,"featured_media":556670472,"comment_status":"closed","ping_status":"open","sticky":false,"template":"","format":"standard","meta":{"_acf_changed":false,"footnotes":""},"categories":[39],"tags":[],"class_list":["post-556670474","post","type-post","status-publish","format-standard","has-post-thumbnail","hentry","category-general-es"],"acf":[],"yoast_head":"<!-- This site is optimized with the Yoast SEO plugin v28.3 - https:\/\/yoast.com\/product\/yoast-seo-wordpress\/ -->\n<title>FAGOR ARRASATE PRESENT\u00d3 SUS PRODUCTOS EN LA FERIA FABTECH 2016 - Fagor Arrasate<\/title>\n<meta name=\"robots\" content=\"index, follow, max-snippet:-1, max-image-preview:large, max-video-preview:-1\" \/>\n<link rel=\"canonical\" href=\"https:\/\/fagorarrasate.com\/es\/general-es\/fagor-arrasate-presento-sus-productos-en-la-feria-fabtech-2016\/\" \/>\n<meta name=\"twitter:label1\" content=\"Escrito por\" \/>\n\t<meta name=\"twitter:data1\" content=\"kudeatzailea\" \/>\n\t<meta name=\"twitter:label2\" content=\"Tiempo de lectura\" \/>\n\t<meta name=\"twitter:data2\" content=\"1 minuto\" \/>\n<script type=\"application\/ld+json\" class=\"yoast-schema-graph\">{\"@context\":\"https:\\\/\\\/schema.org\",\"@graph\":[{\"@type\":\"Article\",\"@id\":\"https:\\\/\\\/fagorarrasate.com\\\/es\\\/general-es\\\/fagor-arrasate-presento-sus-productos-en-la-feria-fabtech-2016\\\/#article\",\"isPartOf\":{\"@id\":\"https:\\\/\\\/fagorarrasate.com\\\/es\\\/general-es\\\/fagor-arrasate-presento-sus-productos-en-la-feria-fabtech-2016\\\/\"},\"author\":{\"name\":\"kudeatzailea\",\"@id\":\"https:\\\/\\\/fagorarrasate.com\\\/es\\\/#\\\/schema\\\/person\\\/f240817c53788f755371b0dae11772e9\"},\"headline\":\"FAGOR ARRASATE PRESENT\u00d3 SUS PRODUCTOS EN LA FERIA FABTECH 2016\",\"datePublished\":\"2016-12-05T10:00:00+00:00\",\"dateModified\":\"2021-05-20T14:35:47+00:00\",\"mainEntityOfPage\":{\"@id\":\"https:\\\/\\\/fagorarrasate.com\\\/es\\\/general-es\\\/fagor-arrasate-presento-sus-productos-en-la-feria-fabtech-2016\\\/\"},\"wordCount\":202,\"publisher\":{\"@id\":\"https:\\\/\\\/fagorarrasate.com\\\/es\\\/#organization\"},\"image\":{\"@id\":\"https:\\\/\\\/fagorarrasate.com\\\/es\\\/general-es\\\/fagor-arrasate-presento-sus-productos-en-la-feria-fabtech-2016\\\/#primaryimage\"},\"thumbnailUrl\":\"https:\\\/\\\/fagorarrasate.com\\\/wp-content\\\/uploads\\\/2020\\\/04\\\/Fagor_Arrasate_Fabtech_2016_2016_12_06_09_54_44.jpg\",\"articleSection\":[\"General\"],\"inLanguage\":\"es\"},{\"@type\":\"WebPage\",\"@id\":\"https:\\\/\\\/fagorarrasate.com\\\/es\\\/general-es\\\/fagor-arrasate-presento-sus-productos-en-la-feria-fabtech-2016\\\/\",\"url\":\"https:\\\/\\\/fagorarrasate.com\\\/es\\\/general-es\\\/fagor-arrasate-presento-sus-productos-en-la-feria-fabtech-2016\\\/\",\"name\":\"FAGOR ARRASATE PRESENT\u00d3 SUS PRODUCTOS EN LA FERIA FABTECH 2016 - Fagor Arrasate\",\"isPartOf\":{\"@id\":\"https:\\\/\\\/fagorarrasate.com\\\/es\\\/#website\"},\"primaryImageOfPage\":{\"@id\":\"https:\\\/\\\/fagorarrasate.com\\\/es\\\/general-es\\\/fagor-arrasate-presento-sus-productos-en-la-feria-fabtech-2016\\\/#primaryimage\"},\"image\":{\"@id\":\"https:\\\/\\\/fagorarrasate.com\\\/es\\\/general-es\\\/fagor-arrasate-presento-sus-productos-en-la-feria-fabtech-2016\\\/#primaryimage\"},\"thumbnailUrl\":\"https:\\\/\\\/fagorarrasate.com\\\/wp-content\\\/uploads\\\/2020\\\/04\\\/Fagor_Arrasate_Fabtech_2016_2016_12_06_09_54_44.jpg\",\"datePublished\":\"2016-12-05T10:00:00+00:00\",\"dateModified\":\"2021-05-20T14:35:47+00:00\",\"breadcrumb\":{\"@id\":\"https:\\\/\\\/fagorarrasate.com\\\/es\\\/general-es\\\/fagor-arrasate-presento-sus-productos-en-la-feria-fabtech-2016\\\/#breadcrumb\"},\"inLanguage\":\"es\",\"potentialAction\":[{\"@type\":\"ReadAction\",\"target\":[\"https:\\\/\\\/fagorarrasate.com\\\/es\\\/general-es\\\/fagor-arrasate-presento-sus-productos-en-la-feria-fabtech-2016\\\/\"]}]},{\"@type\":\"ImageObject\",\"inLanguage\":\"es\",\"@id\":\"https:\\\/\\\/fagorarrasate.com\\\/es\\\/general-es\\\/fagor-arrasate-presento-sus-productos-en-la-feria-fabtech-2016\\\/#primaryimage\",\"url\":\"https:\\\/\\\/fagorarrasate.com\\\/wp-content\\\/uploads\\\/2020\\\/04\\\/Fagor_Arrasate_Fabtech_2016_2016_12_06_09_54_44.jpg\",\"contentUrl\":\"https:\\\/\\\/fagorarrasate.com\\\/wp-content\\\/uploads\\\/2020\\\/04\\\/Fagor_Arrasate_Fabtech_2016_2016_12_06_09_54_44.jpg\",\"width\":600,\"height\":450},{\"@type\":\"BreadcrumbList\",\"@id\":\"https:\\\/\\\/fagorarrasate.com\\\/es\\\/general-es\\\/fagor-arrasate-presento-sus-productos-en-la-feria-fabtech-2016\\\/#breadcrumb\",\"itemListElement\":[{\"@type\":\"ListItem\",\"position\":1,\"name\":\"Home\",\"item\":\"https:\\\/\\\/fagorarrasate.com\\\/es\\\/\"},{\"@type\":\"ListItem\",\"position\":2,\"name\":\"General\",\"item\":\"https:\\\/\\\/fagorarrasate.com\\\/es\\\/general-es\\\/\"},{\"@type\":\"ListItem\",\"position\":3,\"name\":\"FAGOR ARRASATE PRESENT\u00d3 SUS PRODUCTOS EN LA FERIA FABTECH 2016\"}]},{\"@type\":\"WebSite\",\"@id\":\"https:\\\/\\\/fagorarrasate.com\\\/es\\\/#website\",\"url\":\"https:\\\/\\\/fagorarrasate.com\\\/es\\\/\",\"name\":\"Fagor Arrasate\",\"description\":\"Sharing Your Challenges\",\"publisher\":{\"@id\":\"https:\\\/\\\/fagorarrasate.com\\\/es\\\/#organization\"},\"potentialAction\":[{\"@type\":\"SearchAction\",\"target\":{\"@type\":\"EntryPoint\",\"urlTemplate\":\"https:\\\/\\\/fagorarrasate.com\\\/es\\\/?s={search_term_string}\"},\"query-input\":{\"@type\":\"PropertyValueSpecification\",\"valueRequired\":true,\"valueName\":\"search_term_string\"}}],\"inLanguage\":\"es\"},{\"@type\":\"Organization\",\"@id\":\"https:\\\/\\\/fagorarrasate.com\\\/es\\\/#organization\",\"name\":\"Fagor Arrasate\",\"url\":\"https:\\\/\\\/fagorarrasate.com\\\/es\\\/\",\"logo\":{\"@type\":\"ImageObject\",\"inLanguage\":\"es\",\"@id\":\"https:\\\/\\\/fagorarrasate.com\\\/es\\\/#\\\/schema\\\/logo\\\/image\\\/\",\"url\":\"https:\\\/\\\/fagorarrasate.com\\\/wp-content\\\/uploads\\\/2022\\\/01\\\/fagor-logo.png\",\"contentUrl\":\"https:\\\/\\\/fagorarrasate.com\\\/wp-content\\\/uploads\\\/2022\\\/01\\\/fagor-logo.png\",\"width\":164,\"height\":52,\"caption\":\"Fagor Arrasate\"},\"image\":{\"@id\":\"https:\\\/\\\/fagorarrasate.com\\\/es\\\/#\\\/schema\\\/logo\\\/image\\\/\"},\"sameAs\":[\"https:\\\/\\\/es.linkedin.com\\\/company\\\/fagor-arrasate-s--coop-\",\"https:\\\/\\\/www.youtube.com\\\/channel\\\/UCcIkM42cil4qiObWBRnotjA\"]},{\"@type\":\"Person\",\"@id\":\"https:\\\/\\\/fagorarrasate.com\\\/es\\\/#\\\/schema\\\/person\\\/f240817c53788f755371b0dae11772e9\",\"name\":\"kudeatzailea\"}]}<\/script>\n<!-- \/ Yoast SEO plugin. -->","yoast_head_json":{"title":"FAGOR ARRASATE PRESENT\u00d3 SUS PRODUCTOS EN LA FERIA FABTECH 2016 - Fagor Arrasate","robots":{"index":"index","follow":"follow","max-snippet":"max-snippet:-1","max-image-preview":"max-image-preview:large","max-video-preview":"max-video-preview:-1"},"canonical":"https:\/\/fagorarrasate.com\/es\/general-es\/fagor-arrasate-presento-sus-productos-en-la-feria-fabtech-2016\/","twitter_misc":{"Escrito por":"kudeatzailea","Tiempo de lectura":"1 minuto"},"schema":{"@context":"https:\/\/schema.org","@graph":[{"@type":"Article","@id":"https:\/\/fagorarrasate.com\/es\/general-es\/fagor-arrasate-presento-sus-productos-en-la-feria-fabtech-2016\/#article","isPartOf":{"@id":"https:\/\/fagorarrasate.com\/es\/general-es\/fagor-arrasate-presento-sus-productos-en-la-feria-fabtech-2016\/"},"author":{"name":"kudeatzailea","@id":"https:\/\/fagorarrasate.com\/es\/#\/schema\/person\/f240817c53788f755371b0dae11772e9"},"headline":"FAGOR ARRASATE PRESENT\u00d3 SUS PRODUCTOS EN LA FERIA FABTECH 2016","datePublished":"2016-12-05T10:00:00+00:00","dateModified":"2021-05-20T14:35:47+00:00","mainEntityOfPage":{"@id":"https:\/\/fagorarrasate.com\/es\/general-es\/fagor-arrasate-presento-sus-productos-en-la-feria-fabtech-2016\/"},"wordCount":202,"publisher":{"@id":"https:\/\/fagorarrasate.com\/es\/#organization"},"image":{"@id":"https:\/\/fagorarrasate.com\/es\/general-es\/fagor-arrasate-presento-sus-productos-en-la-feria-fabtech-2016\/#primaryimage"},"thumbnailUrl":"https:\/\/fagorarrasate.com\/wp-content\/uploads\/2020\/04\/Fagor_Arrasate_Fabtech_2016_2016_12_06_09_54_44.jpg","articleSection":["General"],"inLanguage":"es"},{"@type":"WebPage","@id":"https:\/\/fagorarrasate.com\/es\/general-es\/fagor-arrasate-presento-sus-productos-en-la-feria-fabtech-2016\/","url":"https:\/\/fagorarrasate.com\/es\/general-es\/fagor-arrasate-presento-sus-productos-en-la-feria-fabtech-2016\/","name":"FAGOR ARRASATE PRESENT\u00d3 SUS PRODUCTOS EN LA FERIA FABTECH 2016 - Fagor Arrasate","isPartOf":{"@id":"https:\/\/fagorarrasate.com\/es\/#website"},"primaryImageOfPage":{"@id":"https:\/\/fagorarrasate.com\/es\/general-es\/fagor-arrasate-presento-sus-productos-en-la-feria-fabtech-2016\/#primaryimage"},"image":{"@id":"https:\/\/fagorarrasate.com\/es\/general-es\/fagor-arrasate-presento-sus-productos-en-la-feria-fabtech-2016\/#primaryimage"},"thumbnailUrl":"https:\/\/fagorarrasate.com\/wp-content\/uploads\/2020\/04\/Fagor_Arrasate_Fabtech_2016_2016_12_06_09_54_44.jpg","datePublished":"2016-12-05T10:00:00+00:00","dateModified":"2021-05-20T14:35:47+00:00","breadcrumb":{"@id":"https:\/\/fagorarrasate.com\/es\/general-es\/fagor-arrasate-presento-sus-productos-en-la-feria-fabtech-2016\/#breadcrumb"},"inLanguage":"es","potentialAction":[{"@type":"ReadAction","target":["https:\/\/fagorarrasate.com\/es\/general-es\/fagor-arrasate-presento-sus-productos-en-la-feria-fabtech-2016\/"]}]},{"@type":"ImageObject","inLanguage":"es","@id":"https:\/\/fagorarrasate.com\/es\/general-es\/fagor-arrasate-presento-sus-productos-en-la-feria-fabtech-2016\/#primaryimage","url":"https:\/\/fagorarrasate.com\/wp-content\/uploads\/2020\/04\/Fagor_Arrasate_Fabtech_2016_2016_12_06_09_54_44.jpg","contentUrl":"https:\/\/fagorarrasate.com\/wp-content\/uploads\/2020\/04\/Fagor_Arrasate_Fabtech_2016_2016_12_06_09_54_44.jpg","width":600,"height":450},{"@type":"BreadcrumbList","@id":"https:\/\/fagorarrasate.com\/es\/general-es\/fagor-arrasate-presento-sus-productos-en-la-feria-fabtech-2016\/#breadcrumb","itemListElement":[{"@type":"ListItem","position":1,"name":"Home","item":"https:\/\/fagorarrasate.com\/es\/"},{"@type":"ListItem","position":2,"name":"General","item":"https:\/\/fagorarrasate.com\/es\/general-es\/"},{"@type":"ListItem","position":3,"name":"FAGOR ARRASATE PRESENT\u00d3 SUS PRODUCTOS EN LA FERIA FABTECH 2016"}]},{"@type":"WebSite","@id":"https:\/\/fagorarrasate.com\/es\/#website","url":"https:\/\/fagorarrasate.com\/es\/","name":"Fagor Arrasate","description":"Sharing Your Challenges","publisher":{"@id":"https:\/\/fagorarrasate.com\/es\/#organization"},"potentialAction":[{"@type":"SearchAction","target":{"@type":"EntryPoint","urlTemplate":"https:\/\/fagorarrasate.com\/es\/?s={search_term_string}"},"query-input":{"@type":"PropertyValueSpecification","valueRequired":true,"valueName":"search_term_string"}}],"inLanguage":"es"},{"@type":"Organization","@id":"https:\/\/fagorarrasate.com\/es\/#organization","name":"Fagor Arrasate","url":"https:\/\/fagorarrasate.com\/es\/","logo":{"@type":"ImageObject","inLanguage":"es","@id":"https:\/\/fagorarrasate.com\/es\/#\/schema\/logo\/image\/","url":"https:\/\/fagorarrasate.com\/wp-content\/uploads\/2022\/01\/fagor-logo.png","contentUrl":"https:\/\/fagorarrasate.com\/wp-content\/uploads\/2022\/01\/fagor-logo.png","width":164,"height":52,"caption":"Fagor Arrasate"},"image":{"@id":"https:\/\/fagorarrasate.com\/es\/#\/schema\/logo\/image\/"},"sameAs":["https:\/\/es.linkedin.com\/company\/fagor-arrasate-s--coop-","https:\/\/www.youtube.com\/channel\/UCcIkM42cil4qiObWBRnotjA"]},{"@type":"Person","@id":"https:\/\/fagorarrasate.com\/es\/#\/schema\/person\/f240817c53788f755371b0dae11772e9","name":"kudeatzailea"}]}},"_links":{"self":[{"href":"https:\/\/fagorarrasate.com\/es\/wp-json\/wp\/v2\/posts\/556670474","targetHints":{"allow":["GET"]}}],"collection":[{"href":"https:\/\/fagorarrasate.com\/es\/wp-json\/wp\/v2\/posts"}],"about":[{"href":"https:\/\/fagorarrasate.com\/es\/wp-json\/wp\/v2\/types\/post"}],"author":[{"embeddable":true,"href":"https:\/\/fagorarrasate.com\/es\/wp-json\/wp\/v2\/users\/1"}],"replies":[{"embeddable":true,"href":"https:\/\/fagorarrasate.com\/es\/wp-json\/wp\/v2\/comments?post=556670474"}],"version-history":[{"count":0,"href":"https:\/\/fagorarrasate.com\/es\/wp-json\/wp\/v2\/posts\/556670474\/revisions"}],"wp:featuredmedia":[{"embeddable":true,"href":"https:\/\/fagorarrasate.com\/es\/wp-json\/wp\/v2\/media\/556670472"}],"wp:attachment":[{"href":"https:\/\/fagorarrasate.com\/es\/wp-json\/wp\/v2\/media?parent=556670474"}],"wp:term":[{"taxonomy":"category","embeddable":true,"href":"https:\/\/fagorarrasate.com\/es\/wp-json\/wp\/v2\/categories?post=556670474"},{"taxonomy":"post_tag","embeddable":true,"href":"https:\/\/fagorarrasate.com\/es\/wp-json\/wp\/v2\/tags?post=556670474"}],"curies":[{"name":"wp","href":"https:\/\/api.w.org\/{rel}","templated":true}]}}